{"id":5346,"date":"2024-10-08T11:28:05","date_gmt":"2024-10-08T09:28:05","guid":{"rendered":"https:\/\/autoescolaroca.com\/sin-categorizar\/com-puc-renovar-el-cap-caducat\/"},"modified":"2025-03-23T11:52:26","modified_gmt":"2025-03-23T10:52:26","slug":"com-puc-renovar-el-cap-caducat","status":"publish","type":"post","link":"https:\/\/autoescolaroca.com\/ca\/blog\/com-puc-renovar-el-cap-caducat\/","title":{"rendered":"Com puc renovar el CAP caducat"},"content":{"rendered":"\n<div class=\"wp-block-group post__intro\"><div class=\"wp-block-group__inner-container is-layout-constrained wp-block-group-is-layout-constrained\">\n<div class=\"wp-block-columns post__intro_groups_1 is-layout-flex wp-container-core-columns-is-layout-9d6595d7 wp-block-columns-is-layout-flex\">\n<div class=\"wp-block-column is-layout-flow wp-block-column-is-layout-flow\"><figure class=\"post__intro_img wp-block-post-featured-image\"><img loading=\"lazy\" decoding=\"async\" width=\"500\" height=\"360\" src=\"https:\/\/autoescolaroca.com\/wp-content\/uploads\/2024\/10\/blog-cap-caducado.jpg\" class=\"attachment-post-thumbnail size-post-thumbnail wp-post-image\" alt=\"C\u00f3mo puedo renovar el CAP caducado\" style=\"object-fit:cover;\" \/><\/figure><\/div>\n\n\n\n<div class=\"wp-block-column is-vertically-aligned-top is-layout-flow wp-block-column-is-layout-flow\">\n<h1 class=\"wp-block-heading post__intro_title post__intro_title_xl\" style=\"font-size:51px\">Com puc renovar el CAP caducat?<\/h1>\n\n\n\n<p class=\"post__intro_extract\">Si t&#8217;est\u00e0s preguntant qu\u00e8 passa si tens el <strong>CAP&nbsp;caducat<\/strong> i necessites renovar-lo, has arribat al lloc indicat, perqu\u00e8 a continuaci\u00f3 t&#8217;expliquem tot el que has de saber.<\/p>\n<\/div>\n<\/div>\n\n\n\n<div class=\"wp-block-columns post__intro_groups_2 is-layout-flex wp-container-core-columns-is-layout-9d6595d7 wp-block-columns-is-layout-flex\">\n<div class=\"wp-block-column is-layout-flow wp-block-column-is-layout-flow\" style=\"flex-basis:66.66%\">\n<p>M\u00e9s informaci\u00f3 sobre els nostres cursos CAP de renovaci\u00f3 de 35 hores.<\/p>\n<\/div>\n\n\n\n<div class=\"wp-block-column is-layout-flow wp-block-column-is-layout-flow\" style=\"flex-basis:33.33%\">\n<div class=\"wp-block-buttons is-content-justification-center is-layout-flex wp-container-core-buttons-is-layout-28206b41 wp-block-buttons-is-layout-flex\">\n<div class=\"wp-block-button has-custom-width wp-block-button__width-75 has-custom-font-size post__intro_button\" style=\"font-size:17px\"><a class=\"wp-block-button__link has-white-color has-text-color has-background wp-element-button\" href=\"https:\/\/autoescolaroca.com\/ca\/cursos-cap\/curs-cap-renovacio\/\" style=\"border-radius:7px;background-color:#666666\">Veure Cursos<\/a><\/div>\n<\/div>\n<\/div>\n<\/div>\n<\/div><\/div>\n\n\n\n<div class=\"wp-block-group post__body\"><div class=\"wp-block-group__inner-container is-layout-constrained wp-block-group-is-layout-constrained\">\n<h2 class=\"wp-block-heading blog-h2-first\">Qu\u00e8 \u00e9s el CAP i per qu\u00e8 \u00e9s important?<\/h2>\n\n\n\n<p>El <strong>Certificat d&#8217;Aptitud Professional (CAP)<\/strong> garanteix que un conductor ha completat els programes educatius i les avaluacions necess\u00e0ries per obtenir la qualificaci\u00f3 inicial com a conductor professional, v\u00e0lida a tots els pa\u00efsos de la Uni\u00f3 Europea.<\/p>\n\n\n\n<p>Aquest certificat t\u00e9 una <strong>durada de 5 anys,<\/strong> despr\u00e9s dels quals el titular ha de participar en un curs de formaci\u00f3 cont\u00ednua o de reciclatge per renovar-lo.<\/p>\n\n\n\n<p><strong>Objectius del CAP:<\/strong><\/p>\n\n\n\n<ul class=\"wp-block-list\">\n<li>Millorar la<strong> seguretat vi\u00e0ria<\/strong> i del conductor, abastant tamb\u00e9 les accions realitzades mentre el vehicle est\u00e0 aturat.<\/li>\n\n\n\n<li>Actualitzar els conductors respecte als <strong>nous requisits <\/strong>que sorgeixen amb l&#8217;evoluci\u00f3 del mercat del transport per carretera.<\/li>\n<\/ul>\n\n\n\n<h2 class=\"wp-block-heading\">Periodicitat de la renovaci\u00f3 del CAP<\/h2>\n\n\n\n<p>El Certificat d&#8217;Aptitud Professional (CAP) t\u00e9 una<strong> vig\u00e8ncia de 5 anys<\/strong>, la qual cosa significa que despr\u00e9s d&#8217;aquest per\u00edode \u00e9s necessari renovar-lo si desitges continuar treballant com a conductor de camions o autobusos. No et preocupis! Renovar-ho \u00e9s f\u00e0cil: nom\u00e9s has de completar un curs de formaci\u00f3 cont\u00ednua.  <\/p>\n\n\n\n<p>\u00c9s important destacar que continuar treballant sense haver renovat el teu CAP constitueix una <strong>infracci\u00f3 greu, <\/strong>aix\u00ed que assegura&#8217;t de mantenir-lo al dia i seguir gaudint de la teva professi\u00f3 de conductor sense problemes.<\/p>\n\n\n\n<h2 class=\"wp-block-heading\">Requisits per renovar el CAP caducat<\/h2>\n\n\n\n<p>Per mantenir actualitzats els coneixements essencials dels conductors professionals, es requereix completar el <strong><a href=\"https:\/\/autoescolaroca.com\/ca\/cursos-cap\/curs-cap-renovacio\/\" data-type=\"page\" data-id=\"4945\">curs CAP de Formaci\u00f3 Cont\u00ednua<\/a> <\/strong>cada cinc anys. En aquest curs, s&#8217;emfatitza la import\u00e0ncia de la seguretat vi\u00e0ria, la salut i la seguretat laboral, aix\u00ed com la reducci\u00f3 de l&#8217;impacte mediambiental de la conducci\u00f3.<\/p>\n\n\n\n<p>El curs de formaci\u00f3 cont\u00ednua del CAP s&#8217;ha de realitzar per primera vegada <strong>abans que transcorrin cinc anys<\/strong> des de l&#8217;obtenci\u00f3 del primer certificat d&#8217;aptitud professional, i posteriorment s&#8217;ha de repetir almenys cada cinc anys. Nom\u00e9s aquells conductors que ja siguin posse\u00efdors del certificat d&#8217;aptitud professional inicial i tinguin un perm\u00eds de conducci\u00f3 vigent poden participar en els cursos de formaci\u00f3 cont\u00ednua.<\/p>\n\n\n\n<p>Si un conductor ha deixat d&#8217;exercir la professi\u00f3 i no posseeix una targeta de qualificaci\u00f3 del conductor vigent, haur\u00e0 <strong>de completar un curs de formaci\u00f3 cont\u00ednua<\/strong> abans de tornar a exercir.<\/p>\n\n\n\n<p>Els conductors que realitzin <strong>transport de mercaderies o passatgers<\/strong> per carretera i hagin completat cursos de formaci\u00f3 cont\u00ednua per a una categoria de perm\u00eds, estan exempts de realitzar la formaci\u00f3 cont\u00ednua per a una altra categoria de perm\u00eds de conducci\u00f3 de vehicles. \u00c9s a dir, si posseeixes els 2 permisos de conducci\u00f3 (C i D), nom\u00e9s haur\u00e0s de realitzar un curs de reciclatge, v\u00e0lid per a tots dos.<\/p>\n\n\n\n<h2 class=\"wp-block-heading\">Proc\u00e9s de renovaci\u00f3 del CAP<\/h2>\n\n\n\n<p>El proc\u00e9s de renovaci\u00f3 del Certificat d&#8217;Aptitud Professional (CAP) \u00e9s senzill i necessari per seguir exercint com a conductor professional. Aqu\u00ed t&#8217;expliquem com pots dur a terme la <strong>renovaci\u00f3 pas a pas:<\/strong><\/p>\n\n\n\n<ol class=\"wp-block-list\">\n<li><strong>Coneix la data de venciment<\/strong>: Assegura&#8217;t d&#8217;estar al tant de la data de venciment del teu CAP. \u00c9s important estar preparat i comen\u00e7ar el proc\u00e9s de renovaci\u00f3 amb prou antelaci\u00f3.<\/li>\n\n\n\n<li><strong>Realitza un curs de formaci\u00f3 cont\u00ednua<\/strong>: Per renovar el CAP, has de completar un curs de formaci\u00f3 cont\u00ednua. Aquest curs t\u00e9 com a objectiu actualitzar els teus coneixements i habilitats en \u00e0rees rellevants, com seguretat vi\u00e0ria, salut i seguretat laboral, i aspectes mediambientals relacionats amb la conducci\u00f3.<\/li>\n\n\n\n<li><strong>Troba un centre de formaci\u00f3 autoritzat:<\/strong> Cerca un centre de formaci\u00f3 que estigui autoritzat per impartir cursos de formaci\u00f3 cont\u00ednua del CAP. Assegura&#8217;t que el centre estigui reconegut per les autoritats competents i compleixi amb els requisits establerts.<\/li>\n\n\n\n<li><strong>Completa el curs:<\/strong> Assisteix a les classes i participa activament en el curs de formaci\u00f3 cont\u00ednua. Aprendr\u00e0s noves pr\u00e0ctiques, actualitzar\u00e0s els teus coneixements i compartir\u00e0s experi\u00e8ncies amb altres conductors professionals.<\/li>\n\n\n\n<li><strong>Obtenen el nou certificat:<\/strong> Un cop hagis finalitzat el curs amb \u00e8xit, rebr\u00e0s un nou certificat d&#8217;aptitud professional que reempla\u00e7ar\u00e0 l&#8217;anterior. Aquest nou certificat tindr\u00e0 una validesa d&#8217;altres 5 anys, renovant aix\u00ed la teva qualificaci\u00f3 com a conductor professional.<\/li>\n<\/ol>\n\n\n\n<h2 class=\"wp-block-heading\">Documents necessaris per a la renovaci\u00f3<\/h2>\n\n\n\n<p>Per renovar el perm\u00eds CAP i seguir treballant professionalment com a conductor, haur\u00e0s de <strong>presentar la seg\u00fcent documentaci\u00f3:<\/strong><\/p>\n\n\n\n<ul class=\"wp-block-list\">\n<li>Formulari de sol\u00b7licitud emplenat.<\/li>\n\n\n\n<li>DNI, passaport o NIE en vigor<\/li>\n\n\n\n<li>Perm\u00eds de conduir de la categoria en vigor.<\/li>\n\n\n\n<li>Acreditaci\u00f3 d&#8217;haver superat els cursos, en cas de primera emissi\u00f3 o renovaci\u00f3.<\/li>\n\n\n\n<li>Targeta CAP antiga.<\/li>\n\n\n\n<li>Justificant del pagament de la taxa.<\/li>\n<\/ul>\n\n\n\n<h2 class=\"wp-block-heading\">Costos i terminis de la renovaci\u00f3<\/h2>\n\n\n\n<p>Els costos associats a la renovaci\u00f3 del CAP, a m\u00e9s de les taxes, poden variar segons el centre on es dugui a terme el proc\u00e9s. De fet, \u00e9s possible que trobis opcions gratu\u00eftes o amb descomptes especials. Si est\u00e0s interessat a renovar el teu <strong>Certificat d&#8217;Aptitud Professional,<\/strong> no dubtis a contactar-nos. Estarem encantats de proporcionar-te informaci\u00f3 detallada sense cap comprom\u00eds.<\/p>\n\n\n\n<p>Pel que fa als terminis, \u00e9s important tenir en compte que el CAP s&#8217;ha de renovar cada cinc anys. Es recomana iniciar el proc\u00e9s de renovaci\u00f3 amb suficient antelaci\u00f3<strong> abans que expiri el certificat actual<\/strong>, ja que aix\u00f2 garanteix que puguis completar el curs de formaci\u00f3 cont\u00ednua i obtenir la nova acreditaci\u00f3 a temps.<\/p>\n\n\n\n<h2 class=\"wp-block-heading\">Preguntes freq\u00fcents<\/h2>\n\n\n\n<p>Hem contestat algunes de les<strong> preguntes m\u00e9s freq\u00fcents<\/strong> dels nostres usuaris en relaci\u00f3 amb com renovar el CAP caducat.<\/p>\n\n\n\n<h3 class=\"wp-block-heading\">Qu\u00e8 haig de fer si el meu CAP ha caducat?<\/h3>\n\n\n\n<p>Si el teu CAP ha caducat, has de realitzar el proc\u00e9s de<strong> renovaci\u00f3 al m\u00e9s aviat possible<\/strong>. No pots continuar treballant com a conductor professional sense un CAP v\u00e0lid.<\/p>\n\n\n\n<h3 class=\"wp-block-heading\">On puc realitzar el curs de formaci\u00f3 cont\u00ednua per renovar el meu CAP?<\/h3>\n\n\n\n<p>Has <strong>de buscar centres de formaci\u00f3 autoritzats<\/strong> que ofereixin cursos de formaci\u00f3 cont\u00ednua per a la renovaci\u00f3 del CAP. Aquests centres estan reconeguts per les autoritats competents i compleixen amb els requisits establerts.<\/p>\n\n\n\n<p>Si vols seguir informant-te sobre els permisos amb qu\u00e8 has de comptar per ser conductor professional, no dubtis a consultar la nostra p\u00e0gina web d&#8217;<strong>Autoescola ROCA<\/strong> , on t&#8217;explicarem detalladament tot el que necessites saber sobre els requisits que existeixen i quins s\u00f3n els que has de complir com a conductor.<\/p>\n<\/div><\/div>\n\n\n\n<div class=\"wp-block-group post__more post__more_2\"><div class=\"wp-block-group__inner-container is-layout-constrained wp-block-group-is-layout-constrained\">\n<p class=\"post__more_title\"><span>Publicacions recents<\/span><\/p>\n\n\n\n<div class=\"wp-block-columns post__more_groups is-layout-flex wp-container-core-columns-is-layout-9d6595d7 wp-block-columns-is-layout-flex\">\n<div class=\"wp-block-column post__more_group is-layout-flow wp-block-column-is-layout-flow\">\n<figure class=\"wp-block-image size-full\"><a href=\"https:\/\/autoescolaroca.com\/ca\/blog\/por-a-conduir-o-amaxofobia-que-es-per-que-apareix-i-com-superar-ho\/\"><img loading=\"lazy\" decoding=\"async\" width=\"800\" height=\"448\" src=\"https:\/\/autoescolaroca.com\/wp-content\/uploads\/2026\/04\/blog-miedo-a-conducir-amaxofobia-que-es-por-que-aparece-y-como-superarlo.jpeg\" alt=\"Miedo a conducir o \u201camaxofobia\u201d: qu\u00e9 es, por qu\u00e9 aparece y c\u00f3mo superarlo\" class=\"wp-image-7583\" srcset=\"https:\/\/autoescolaroca.com\/wp-content\/uploads\/2026\/04\/blog-miedo-a-conducir-amaxofobia-que-es-por-que-aparece-y-como-superarlo.jpeg 800w, https:\/\/autoescolaroca.com\/wp-content\/uploads\/2026\/04\/blog-miedo-a-conducir-amaxofobia-que-es-por-que-aparece-y-como-superarlo-768x430.jpeg 768w\" sizes=\"auto, (max-width: 800px) 100vw, 800px\" \/><\/a><\/figure>\n\n\n\n<div class=\"wp-block-group post__more_group_text\"><div class=\"wp-block-group__inner-container is-layout-constrained wp-block-group-is-layout-constrained\">\n<p class=\"post__more_caption\">Amaxof\u00f2bia o f\u00f2bia a la conducci\u00f3: qu\u00e8 \u00e9s, causes i com superar-la<\/p>\n\n\n\n<p class=\"post__more_data\">Nova publicaci\u00f3<\/p>\n\n\n\n<p class=\"post__more_paragraph\">Coneix tot el que necessites saber sobre l\u2019\u00a0<strong>amaxof\u00f2bia<\/strong>\u00a0o\u00a0<strong>f\u00f2bia a la conducci\u00f3<\/strong>\u00a0.<\/p>\n<\/div><\/div>\n<\/div>\n\n\n\n<div class=\"wp-block-column post__more_group is-layout-flow wp-block-column-is-layout-flow\">\n<figure class=\"wp-block-image size-full\"><a href=\"https:\/\/autoescolaroca.com\/ca\/blog\/examen-pista-a2-circuit-tancat-faltes-i-consells-per-aprovar\/\"><img loading=\"lazy\" decoding=\"async\" width=\"800\" height=\"491\" src=\"https:\/\/autoescolaroca.com\/wp-content\/uploads\/2026\/04\/blog-examen-pista-a2-circuito-cerrado-faltas-consejos-para-aprobar.jpeg\" alt=\"Examen pista A2: c\u00f3mo es el circuito cerrado y qu\u00e9 debes dominar para aprobar\" class=\"wp-image-7587\" style=\"object-fit:cover\" srcset=\"https:\/\/autoescolaroca.com\/wp-content\/uploads\/2026\/04\/blog-examen-pista-a2-circuito-cerrado-faltas-consejos-para-aprobar.jpeg 800w, https:\/\/autoescolaroca.com\/wp-content\/uploads\/2026\/04\/blog-examen-pista-a2-circuito-cerrado-faltas-consejos-para-aprobar-768x471.jpeg 768w\" sizes=\"auto, (max-width: 800px) 100vw, 800px\" \/><\/a><\/figure>\n\n\n\n<div class=\"wp-block-group post__more_group_text\"><div class=\"wp-block-group__inner-container is-layout-constrained wp-block-group-is-layout-constrained\">\n<p class=\"post__more_caption\">Examen pista A2: com \u00e9s el circuit tancat i qu\u00e8 has de dominar per aprovar<\/p>\n\n\n\n<p class=\"post__more_data\">Nova publicaci\u00f3<\/p>\n\n\n\n<p class=\"post__more_paragraph\">En aquesta guia us expliquem amb detall tot el que necessiteu saber per superar l\u2019examen de\u00a0<strong>maniobres del perm\u00eds A2<\/strong>.<\/p>\n<\/div><\/div>\n<\/div>\n\n\n\n<div class=\"wp-block-column post__more_group is-layout-flow wp-block-column-is-layout-flow\">\n<figure class=\"wp-block-image size-full\"><a href=\"https:\/\/autoescolaroca.com\/ca\/blog\/examen-psicotecnic-per-conduir-en-que-consisteix-i-preu\/\"><img loading=\"lazy\" decoding=\"async\" width=\"800\" height=\"661\" src=\"https:\/\/autoescolaroca.com\/wp-content\/uploads\/2026\/04\/blog-examen-psicotecnico-conducir-en-que-consiste-y-precio.jpeg\" alt=\"Examen psicot\u00e9cnico para conducir\" class=\"wp-image-7594\" style=\"object-fit:cover\" srcset=\"https:\/\/autoescolaroca.com\/wp-content\/uploads\/2026\/04\/blog-examen-psicotecnico-conducir-en-que-consiste-y-precio.jpeg 800w, https:\/\/autoescolaroca.com\/wp-content\/uploads\/2026\/04\/blog-examen-psicotecnico-conducir-en-que-consiste-y-precio-768x635.jpeg 768w\" sizes=\"auto, (max-width: 800px) 100vw, 800px\" \/><\/a><\/figure>\n\n\n\n<div class=\"wp-block-group post__more_group_text\"><div class=\"wp-block-group__inner-container is-layout-constrained wp-block-group-is-layout-constrained\">\n<p class=\"post__more_caption\">Examen psicot\u00e8cnic per conduir, guia completa: qu\u00e8 \u00e9s, en qu\u00e8 consisteix, preus, quan i on obtenir-lo<\/p>\n\n\n\n<p class=\"post__more_data\">Nova publicaci\u00f3<\/p>\n\n\n\n<p class=\"post__more_paragraph\">Descobriu amb aquesta guia en qu\u00e8 consisteix la\u00a0<strong>prova psicot\u00e8cnica<\/strong>.<\/p>\n<\/div><\/div>\n<\/div>\n<\/div>\n<\/div><\/div>\n\n\n<footer>\n    <div class=\"content\">\n        <div id=\"foo_cont_1\">\n            <div class=\"foo_inn_cont\">\n                <div class=\"foo_ic0\" id=\"foo_ic1\">\n                    <div class=\"foo_group_titles\">\n                        <p class=\"foo_group_title\">Autoescola ROCA<\/p>\n                    <\/div>\n                    <div class=\"foo_groups\">\n                        <div class=\"foo_group\">\n                            <p class=\"foo_group_caption\"> <span class=\"foo_group_caption_ico\"><\/span>  Barcelona<\/p>\n                            <p><a href=\"https:\/\/maps.app.goo.gl\/VnJMpCotroVNZJ9B9\" target=\"_blank\" rel=\"noopener\">Passeig de Maragall, 258<\/a><\/p>\n                            <p>Email: info.h7@autoescolaroca.com <\/p>\n                            <p>Tel: 933 100 583<\/p>\n                        <\/div>\n                        <div class=\"foo_group\">\n                            <p class=\"foo_group_caption\"> <span class=\"foo_group_caption_ico\"><\/span>  Esplugues de Llobregat<\/p>\n                            <p><a href=\"https:\/\/maps.app.goo.gl\/CwcJDoEC4hUxRP6v6\" target=\"_blank\" rel=\"noopener\">Avinguda de Cornell\u00e0, 63-65<\/a><\/p>\n                            <p>Email: info.h1@autoescolaroca.com <\/p>\n                            <p>Tel: 933 710 242<\/p>\n                        <\/div>\n                        <div class=\"foo_group\">\n                            <p class=\"foo_group_caption\"> <span class=\"foo_group_caption_ico\"><\/span>  Sant Feliu de Llobregat<\/p>\n                            <p><a href=\"https:\/\/maps.app.goo.gl\/paqqH4seWdkeqMwg7\" target=\"_blank\" rel=\"noopener\">Carrer Carles Bu\u00efgas, 57-59<\/a><\/p>\n                            <p>Email: info.h3@autoescolaroca.com <\/p>\n                            <p>Tel: 936 855 535<\/p>\n                        <\/div>\n                    <\/div>\n                <\/div>\n                <div class=\"foo_ic0\" id=\"foo_ic2\">\n                    <div class=\"foo_group_title\">\n                        <p class=\"foo_group_title\">Formaci\u00f3<\/p>\n                    <\/div>\n                    <div class=\"foo_groups\">\n                        <ul>\n                            <li class=\"foo_group\"><span class=\"foo_group_ico\"><\/span>  <a href=\"https:\/\/autoescolaroca.com\/ca\/cursos-cap\/\">Cursos CAP<\/a><\/li>\n                            <li class=\"foo_group\"><span class=\"foo_group_ico\"><\/span>  <a href=\"https:\/\/autoescolaroca.com\/ca\/cursos-adr\/\">Cursos ADR<\/a><\/li>\n                            <li class=\"foo_group\"><span class=\"foo_group_ico\"><\/span>  <a href=\"https:\/\/autoescolaroca.com\/ca\/carnets-conduir\/\">Carnets de Conduir<\/a><\/li>\n                            <li class=\"foo_group\"><span class=\"foo_group_ico\"><\/span>  <a href=\"https:\/\/autoescolaroca.com\/ca\/cursos-prl\/\">Cursos PRL<\/a><\/li>\n                            <li class=\"foo_group\"><span class=\"foo_group_ico\"><\/span>  <a href=\"https:\/\/autoescolaroca.com\/ca\/curs-titol-transportista\/\">T\u00edtol de Transportista<\/a><\/li>\n                            <li class=\"foo_group\"><span class=\"foo_group_ico\"><\/span>  <a href=\"https:\/\/autoescolaroca.com\/ca\/cursos-prl\/curs-carretoner\/\">Carretons Elevadors<\/a><\/li>\n                            <li class=\"foo_group\"><span class=\"foo_group_ico\"><\/span>  <a href=\"https:\/\/autoescolaroca.com\/ca\/curs-dea-desfibrillador\/\">DEA + SVB<\/a><\/li>\n                            <li class=\"foo_group\"><span class=\"foo_group_ico\"><\/span>  <a href=\"https:\/\/autoescolaroca.com\/ca\/dix-formacio\/\">DIX Formaci\u00f3<\/a><\/li>\n                        <\/ul>\n                    <\/div>\n                <\/div>\n                <div class=\"foo_ic0\" id=\"foo_ic3\">\n                    <div class=\"foo_group_title\">\n                        <p class=\"foo_group_title\">M\u00e9s informaci\u00f3<\/p>\n                    <\/div>\n                    <div class=\"foo_groups\">\n                        <ul>\n                            <li class=\"foo_group\"><span class=\"foo_group_ico\"><\/span>  <a href=\"https:\/\/autoescolaroca.com\/ca\/formulari-contacte\/\">Contacte<\/a><\/li>\n                            <li class=\"foo_group\"><span class=\"foo_group_ico\"><\/span>  <a href=\"https:\/\/autoescolaroca.com\/ca\/empreses\/\">Empreses<\/a><\/li>\n                            <li class=\"foo_group\"><span class=\"foo_group_ico\"><\/span>  <a href=\"https:\/\/autoescolaroca.com\/ca\/alumnes\/\">Alumnes<\/a><\/li>\n                            <li class=\"foo_group\"><span class=\"foo_group_ico\"><\/span>  <a href=\"https:\/\/autoescolaroca.com\/ca\/formulari-candidats\/\">Treballa amb nosaltres<\/a> <\/li>\n                            <li class=\"foo_group\"><a href=\"https:\/\/autoescolaroca.com\/ca\/blog\/\"><span class=\"foo_group_ico\"><\/span>  Blog<\/a><\/li>\n                        <\/ul>\n                    <\/div>\n                    <div class=\"foo_groups foo_groups_logo\">\n                        <a href=\"https:\/\/autoescolaroca.com\/ca\/\"><span class=\"foo_group_logo_ico\"><\/span><\/a>\n                    <\/div>\n                <\/div>\n            <\/div>\n        <\/div>\n        <div id=\"foo_cont_2\">\n\n            <div class=\"foo_inn_cont\" style=\"padding-bottom:0\">\n                <div style=\"font-size:1rem;\">\u00a9 Autoescola ROCA, SL<\/div><div class=\"foo_legals\"><span><a href=\"https:\/\/autoescolaroca.com\/ca\/avisos-legals\/\" rel=\"nofollow\">Av\u00eds Legal i Pol\u00edtica de Privadesa<\/a><\/span> | <span><a href=\"https:\/\/autoescolaroca.com\/ca\/politica-de-cookies\/\" rel=\"nofollow\">Pol\u00edtica de Cookies<\/a><\/span><\/div>\n            <\/div>\n\n<div class=\"foo_inn_cont\" style=\"padding-top:0;justify-content: right; margin-top: -7px;\">\n                <div class=\"foo_legals\"><span><a href=\"https:\/\/autoescolaroca.com\/ca\/protocol-prevencio-assetjament-sexual-i-lgtbi\/\" rel=\"nofollow\">Protocol prev. assetjament sexual i LGTBI<\/a><\/span> | <span><a href=\"https:\/\/app.clockio.net\/c\/aeroca\/whistle\/public\/form?hash=2b2843095075850af8eb5a3367b13a3c\" rel=\"nofollow noopener\" target=\"_blank\">Canal den\u00fancies<\/a><\/span><\/div>\n            <\/div>\n\n        <\/div>\n    <\/div>\n<\/footer>","protected":false},"excerpt":{"rendered":"<p>Com puc renovar el CAP caducat? Si t&#8217;est\u00e0s preguntant qu\u00e8 passa si tens el CAP&nbsp;caducat i necessites renovar-lo, has arribat al lloc indicat, perqu\u00e8 a continuaci\u00f3 t&#8217;expliquem tot el que has de saber. M\u00e9s informaci\u00f3 sobre els nostres cursos CAP de renovaci\u00f3 de 35 hores. Qu\u00e8 \u00e9s el CAP i per qu\u00e8 \u00e9s important? El [&hellip;]<\/p>\n","protected":false},"author":1,"featured_media":4845,"comment_status":"closed","ping_status":"closed","sticky":false,"template":"","format":"standard","meta":{"footnotes":""},"categories":[12],"tags":[],"class_list":["post-5346","post","type-post","status-publish","format-standard","hentry","category-blog"],"_links":{"self":[{"href":"https:\/\/autoescolaroca.com\/ca\/wp-json\/wp\/v2\/posts\/5346","targetHints":{"allow":["GET"]}}],"collection":[{"href":"https:\/\/autoescolaroca.com\/ca\/wp-json\/wp\/v2\/posts"}],"about":[{"href":"https:\/\/autoescolaroca.com\/ca\/wp-json\/wp\/v2\/types\/post"}],"author":[{"embeddable":true,"href":"https:\/\/autoescolaroca.com\/ca\/wp-json\/wp\/v2\/users\/1"}],"replies":[{"embeddable":true,"href":"https:\/\/autoescolaroca.com\/ca\/wp-json\/wp\/v2\/comments?post=5346"}],"version-history":[{"count":0,"href":"https:\/\/autoescolaroca.com\/ca\/wp-json\/wp\/v2\/posts\/5346\/revisions"}],"wp:featuredmedia":[{"embeddable":true,"href":"https:\/\/autoescolaroca.com\/ca\/wp-json\/wp\/v2\/media\/4845"}],"wp:attachment":[{"href":"https:\/\/autoescolaroca.com\/ca\/wp-json\/wp\/v2\/media?parent=5346"}],"wp:term":[{"taxonomy":"category","embeddable":true,"href":"https:\/\/autoescolaroca.com\/ca\/wp-json\/wp\/v2\/categories?post=5346"},{"taxonomy":"post_tag","embeddable":true,"href":"https:\/\/autoescolaroca.com\/ca\/wp-json\/wp\/v2\/tags?post=5346"}],"curies":[{"name":"wp","href":"https:\/\/api.w.org\/{rel}","templated":true}]}}