{"id":7035,"date":"2025-10-21T11:47:20","date_gmt":"2025-10-21T09:47:20","guid":{"rendered":"https:\/\/autoescolaroca.com\/sin-categorizar\/noves-senyals-de-transit-2025\/"},"modified":"2025-12-22T08:27:58","modified_gmt":"2025-12-22T07:27:58","slug":"noves-senyals-de-transit-2025","status":"publish","type":"post","link":"https:\/\/autoescolaroca.com\/ca\/blog\/noves-senyals-de-transit-2025\/","title":{"rendered":"Noves senyals de tr\u00e0nsit 2025"},"content":{"rendered":"\n<div class=\"wp-block-group post__intro\"><div class=\"wp-block-group__inner-container is-layout-constrained wp-block-group-is-layout-constrained\">\n<div class=\"wp-block-columns post__intro_groups_1 is-layout-flex wp-container-core-columns-is-layout-9d6595d7 wp-block-columns-is-layout-flex\">\n<div class=\"wp-block-column is-layout-flow wp-block-column-is-layout-flow\"><figure style=\"height:320px;\" class=\"post__intro_img wp-block-post-featured-image\"><img loading=\"lazy\" decoding=\"async\" width=\"460\" height=\"271\" src=\"https:\/\/autoescolaroca.com\/wp-content\/uploads\/2025\/10\/blog-senales-trafico-2025.jpeg\" class=\"attachment-post-thumbnail size-post-thumbnail wp-post-image\" alt=\"Nuevas se\u00f1ales de tr\u00e1fico 2025\" style=\"height:320px;object-fit:cover;\" \/><\/figure><\/div>\n\n\n\n<div class=\"wp-block-column is-vertically-aligned-top is-layout-flow wp-block-column-is-layout-flow\">\n<h1 class=\"wp-block-heading post__intro_title post__intro_title_xl\" style=\"font-size:34px\">Noves senyals de tr\u00e0nsit 2025<\/h1>\n\n\n\n<p class=\"post__intro_extract\">La nova reforma del Reglament General de Circulaci\u00f3 de 2025 <strong>actualitza el cat\u00e0leg dels senyals de tr\u00e0nsit a Espanya<\/strong>. A continuaci\u00f3, us fem un breu resum dels principals canvis.<\/p>\n<\/div>\n<\/div>\n\n\n\n<div class=\"wp-block-columns post__intro_groups_2 is-layout-flex wp-container-core-columns-is-layout-9d6595d7 wp-block-columns-is-layout-flex\">\n<div class=\"wp-block-column is-layout-flow wp-block-column-is-layout-flow\" style=\"flex-basis:66.66%\">\n<p>M\u00e9s informaci\u00f3 sobre els nostres permisos de conduir i cursos professionals.<\/p>\n<\/div>\n\n\n\n<div class=\"wp-block-column is-layout-flow wp-block-column-is-layout-flow\" style=\"flex-basis:33.33%\">\n<div class=\"wp-block-buttons is-content-justification-center is-layout-flex wp-container-core-buttons-is-layout-28206b41 wp-block-buttons-is-layout-flex\">\n<div class=\"wp-block-button has-custom-width wp-block-button__width-75 post__intro_button\"><a class=\"wp-block-button__link has-white-color has-text-color has-background has-custom-font-size wp-element-button\" href=\"https:\/\/autoescolaroca.com\/ca\/\" style=\"border-radius:7px;background-color:#666666;font-size:17px\">Veure Cursos<\/a><\/div>\n<\/div>\n<\/div>\n<\/div>\n<\/div><\/div>\n\n\n\n<div class=\"wp-block-group post__body\"><div class=\"wp-block-group__inner-container is-layout-constrained wp-block-group-is-layout-constrained\">\n<p>Despr\u00e9s de m\u00e9s de vint anys des de l&#8217;aprovaci\u00f3 de l&#8217;actual Reglament General de Circulaci\u00f3, s&#8217;ha considerat necessari fer una s\u00e8rie de reformes amb l&#8217;objectiu d&#8217; <strong>actualitzar el cat\u00e0leg oficial de senyals de tr\u00e0nsit a Espanya<\/strong>. \u00c9s per aquest motiu que s&#8217;ha aprovat el nou Reial decret 465\/2025 de 10 de juny, que ha entrat en vigor l&#8217; <strong>1 de juliol de 2025<\/strong> , i que modifica el Reglament general de circulaci\u00f3 en mat\u00e8ria de senyalitzaci\u00f3 de tr\u00e0nsit.<\/p>\n\n\n\n<p>Aix\u00f2 no obstant, i malgrat estar ja en vigor el nou Reglament, el canvi de senyals en via p\u00fablica es realitzar\u00e0 progressivament. A m\u00e9s, aquests canvis no apareixeran de forma imminent a les proves te\u00f2riques per obtenir els diferents permisos de conduir, amb el prop\u00f2sit de garantir una adequada preparaci\u00f3 per a aquestes proves. <\/p>\n\n\n\n<h2 class=\"wp-block-heading\"><a><\/a>Principals canvis de la reforma del Reglament<\/h2>\n\n\n\n<p>L&#8217;actualitzaci\u00f3 del Reglament General de Circulaci\u00f3 de l&#8217;any 2003 consolida un cat\u00e0leg oficial de senyals verticals i marques vials amb l&#8217;objectiu d&#8217;adaptar-se als nous canvis socials, tecnol\u00f2gics i modes de transport de les dues darreres d\u00e8cades, millorant aix\u00ed la comprensi\u00f3 visual dels senyals de tr\u00e0nsit.<\/p>\n\n\n\n<p>Els principals canvis que podem trobar al nou Reglament, s\u00f3n:<\/p>\n\n\n\n<ul class=\"wp-block-list\">\n<li><strong>Senyals modificats<\/strong> : Modificaci\u00f3 del disseny i la definici\u00f3 de nombrosos senyals de tr\u00e0nsit ja existents.<\/li>\n\n\n\n<li><strong>Senyals nous<\/strong> : Introducci\u00f3 de nova senyalitzaci\u00f3 al cat\u00e0leg oficial de senyals de tr\u00e0nsit que abans no existia al Reglament.<\/li>\n\n\n\n<li><strong>Senyals obsolets<\/strong> : Eliminaci\u00f3 de senyals que han quedat obsolets per no complir ja la seva funci\u00f3.<\/li>\n<\/ul>\n\n\n\n<h2 class=\"wp-block-heading\">Exemples de senyals de tr\u00e0nsit modificats 2025<\/h2>\n\n\n\n<figure class=\"wp-block-image size-full is-resized\"><img loading=\"lazy\" decoding=\"async\" width=\"733\" height=\"374\" src=\"https:\/\/autoescolaroca.com\/wp-content\/uploads\/2025\/10\/mod_senales-1.png\" alt=\"Exemple de senyals modificats 2025\" class=\"wp-image-7027\" style=\"width:500px\"\/><\/figure>\n\n\n\n<h2 class=\"wp-block-heading\">Exemples de senyals de tr\u00e0nsit nous 2025<\/h2>\n\n\n\n<figure class=\"wp-block-image size-full is-resized\"><img loading=\"lazy\" decoding=\"async\" width=\"642\" height=\"330\" src=\"https:\/\/autoescolaroca.com\/wp-content\/uploads\/2025\/10\/new_senales-1.png\" alt=\"Exemple de senyals nous 2025\" class=\"wp-image-7029\" style=\"width:500px\"\/><\/figure>\n\n\n\n<h2 class=\"wp-block-heading\">Exemples de senyals de tr\u00e0nsit eliminats 2025<\/h2>\n\n\n\n<figure class=\"wp-block-image size-full is-resized\"><img loading=\"lazy\" decoding=\"async\" width=\"772\" height=\"258\" src=\"https:\/\/autoescolaroca.com\/wp-content\/uploads\/2025\/10\/del_senales-1.png\" alt=\"\" class=\"wp-image-7025\" style=\"width:500px\" srcset=\"https:\/\/autoescolaroca.com\/wp-content\/uploads\/2025\/10\/del_senales-1.png 772w, https:\/\/autoescolaroca.com\/wp-content\/uploads\/2025\/10\/del_senales-1-768x257.png 768w\" sizes=\"auto, (max-width: 772px) 100vw, 772px\" \/><\/figure>\n\n\n\n<!--<p style=\"margin:2rem 0 8rem;\">Para conocer <b>todas las se\u00f1ales de tr\u00e1fico<\/b>, tanto las nuevas como las modificadas de 2025, puedes <a href=\"https:\/\/cnae.com\/\/ficheros\/files\/noticias\/nuevas-senales-trafico-2025.pdf\" target=\"_blank\" data-type=\"attachment\" data-id=\"7031\" rel=\"noreferrer noopener\">clicar aqu\u00ed y ver todo el cat\u00e1logo publicado por CNAE<\/a> (Confederaci\u00f3n Nacional de Autoescuelas).<\/p>-->\n<\/div><\/div>\n\n\n\n<div style=\"margin-bottom:6rem;\"><\/div>\n\n\n\n<div class=\"wp-block-group post__more post__more_2\"><div class=\"wp-block-group__inner-container is-layout-constrained wp-block-group-is-layout-constrained\">\n<p class=\"post__more_title\"><span>Publicacions recents<\/span><\/p>\n\n\n\n<div class=\"wp-block-columns post__more_groups is-layout-flex wp-container-core-columns-is-layout-9d6595d7 wp-block-columns-is-layout-flex\">\n<div class=\"wp-block-column post__more_group is-layout-flow wp-block-column-is-layout-flow\">\n<figure class=\"wp-block-image size-full\"><a href=\"https:\/\/autoescolaroca.com\/ca\/blog\/por-a-conduir-o-amaxofobia-que-es-per-que-apareix-i-com-superar-ho\/\"><img loading=\"lazy\" decoding=\"async\" width=\"800\" height=\"448\" src=\"https:\/\/autoescolaroca.com\/wp-content\/uploads\/2026\/04\/blog-miedo-a-conducir-amaxofobia-que-es-por-que-aparece-y-como-superarlo.jpeg\" alt=\"Miedo a conducir o \u201camaxofobia\u201d: qu\u00e9 es, por qu\u00e9 aparece y c\u00f3mo superarlo\" class=\"wp-image-7583\" srcset=\"https:\/\/autoescolaroca.com\/wp-content\/uploads\/2026\/04\/blog-miedo-a-conducir-amaxofobia-que-es-por-que-aparece-y-como-superarlo.jpeg 800w, https:\/\/autoescolaroca.com\/wp-content\/uploads\/2026\/04\/blog-miedo-a-conducir-amaxofobia-que-es-por-que-aparece-y-como-superarlo-768x430.jpeg 768w\" sizes=\"auto, (max-width: 800px) 100vw, 800px\" \/><\/a><\/figure>\n\n\n\n<div class=\"wp-block-group post__more_group_text\"><div class=\"wp-block-group__inner-container is-layout-constrained wp-block-group-is-layout-constrained\">\n<p class=\"post__more_caption\">Amaxof\u00f2bia o f\u00f2bia a la conducci\u00f3: qu\u00e8 \u00e9s, causes i com superar-la<\/p>\n\n\n\n<p class=\"post__more_data\">Nova publicaci\u00f3<\/p>\n\n\n\n<p class=\"post__more_paragraph\">Coneix tot el que necessites saber sobre l\u2019\u00a0<strong>amaxof\u00f2bia<\/strong>\u00a0o\u00a0<strong>f\u00f2bia a la conducci\u00f3<\/strong>\u00a0.<\/p>\n<\/div><\/div>\n<\/div>\n\n\n\n<div class=\"wp-block-column post__more_group is-layout-flow wp-block-column-is-layout-flow\">\n<figure class=\"wp-block-image size-full\"><a href=\"https:\/\/autoescolaroca.com\/ca\/blog\/examen-pista-a2-circuit-tancat-faltes-i-consells-per-aprovar\/\"><img loading=\"lazy\" decoding=\"async\" width=\"800\" height=\"491\" src=\"https:\/\/autoescolaroca.com\/wp-content\/uploads\/2026\/04\/blog-examen-pista-a2-circuito-cerrado-faltas-consejos-para-aprobar.jpeg\" alt=\"Examen pista A2: c\u00f3mo es el circuito cerrado y qu\u00e9 debes dominar para aprobar\" class=\"wp-image-7587\" style=\"object-fit:cover\" srcset=\"https:\/\/autoescolaroca.com\/wp-content\/uploads\/2026\/04\/blog-examen-pista-a2-circuito-cerrado-faltas-consejos-para-aprobar.jpeg 800w, https:\/\/autoescolaroca.com\/wp-content\/uploads\/2026\/04\/blog-examen-pista-a2-circuito-cerrado-faltas-consejos-para-aprobar-768x471.jpeg 768w\" sizes=\"auto, (max-width: 800px) 100vw, 800px\" \/><\/a><\/figure>\n\n\n\n<div class=\"wp-block-group post__more_group_text\"><div class=\"wp-block-group__inner-container is-layout-constrained wp-block-group-is-layout-constrained\">\n<p class=\"post__more_caption\">Examen pista A2: com \u00e9s el circuit tancat i qu\u00e8 has de dominar per aprovar<\/p>\n\n\n\n<p class=\"post__more_data\">Nova publicaci\u00f3<\/p>\n\n\n\n<p class=\"post__more_paragraph\">En aquesta guia us expliquem amb detall tot el que necessiteu saber per superar l\u2019examen de\u00a0<strong>maniobres del perm\u00eds A2<\/strong>.<\/p>\n<\/div><\/div>\n<\/div>\n\n\n\n<div class=\"wp-block-column post__more_group is-layout-flow wp-block-column-is-layout-flow\">\n<figure class=\"wp-block-image size-full\"><a href=\"https:\/\/autoescolaroca.com\/ca\/blog\/examen-psicotecnic-per-conduir-en-que-consisteix-i-preu\/\"><img loading=\"lazy\" decoding=\"async\" width=\"800\" height=\"661\" src=\"https:\/\/autoescolaroca.com\/wp-content\/uploads\/2026\/04\/blog-examen-psicotecnico-conducir-en-que-consiste-y-precio.jpeg\" alt=\"Examen psicot\u00e9cnico para conducir\" class=\"wp-image-7594\" style=\"object-fit:cover\" srcset=\"https:\/\/autoescolaroca.com\/wp-content\/uploads\/2026\/04\/blog-examen-psicotecnico-conducir-en-que-consiste-y-precio.jpeg 800w, https:\/\/autoescolaroca.com\/wp-content\/uploads\/2026\/04\/blog-examen-psicotecnico-conducir-en-que-consiste-y-precio-768x635.jpeg 768w\" sizes=\"auto, (max-width: 800px) 100vw, 800px\" \/><\/a><\/figure>\n\n\n\n<div class=\"wp-block-group post__more_group_text\"><div class=\"wp-block-group__inner-container is-layout-constrained wp-block-group-is-layout-constrained\">\n<p class=\"post__more_caption\">Examen psicot\u00e8cnic per conduir, guia completa: qu\u00e8 \u00e9s, en qu\u00e8 consisteix, preus, quan i on obtenir-lo<\/p>\n\n\n\n<p class=\"post__more_data\">Nova publicaci\u00f3<\/p>\n\n\n\n<p class=\"post__more_paragraph\">Descobriu amb aquesta guia en qu\u00e8 consisteix la\u00a0<strong>prova psicot\u00e8cnica<\/strong>.<\/p>\n<\/div><\/div>\n<\/div>\n<\/div>\n<\/div><\/div>\n\n\n<footer>\n    <div class=\"content\">\n        <div id=\"foo_cont_1\">\n            <div class=\"foo_inn_cont\">\n                <div class=\"foo_ic0\" id=\"foo_ic1\">\n                    <div class=\"foo_group_titles\">\n                        <p class=\"foo_group_title\">Autoescola ROCA<\/p>\n                    <\/div>\n                    <div class=\"foo_groups\">\n                        <div class=\"foo_group\">\n                            <p class=\"foo_group_caption\"> <span class=\"foo_group_caption_ico\"><\/span>  Barcelona<\/p>\n                            <p><a href=\"https:\/\/maps.app.goo.gl\/VnJMpCotroVNZJ9B9\" target=\"_blank\" rel=\"noopener\">Passeig de Maragall, 258<\/a><\/p>\n                            <p>Email: info.h7@autoescolaroca.com <\/p>\n                            <p>Tel: 933 100 583<\/p>\n                        <\/div>\n                        <div class=\"foo_group\">\n                            <p class=\"foo_group_caption\"> <span class=\"foo_group_caption_ico\"><\/span>  Esplugues de Llobregat<\/p>\n                            <p><a href=\"https:\/\/maps.app.goo.gl\/CwcJDoEC4hUxRP6v6\" target=\"_blank\" rel=\"noopener\">Avinguda de Cornell\u00e0, 63-65<\/a><\/p>\n                            <p>Email: info.h1@autoescolaroca.com <\/p>\n                            <p>Tel: 933 710 242<\/p>\n                        <\/div>\n                        <div class=\"foo_group\">\n                            <p class=\"foo_group_caption\"> <span class=\"foo_group_caption_ico\"><\/span>  Sant Feliu de Llobregat<\/p>\n                            <p><a href=\"https:\/\/maps.app.goo.gl\/paqqH4seWdkeqMwg7\" target=\"_blank\" rel=\"noopener\">Carrer Carles Bu\u00efgas, 57-59<\/a><\/p>\n                            <p>Email: info.h3@autoescolaroca.com <\/p>\n                            <p>Tel: 936 855 535<\/p>\n                        <\/div>\n                    <\/div>\n                <\/div>\n                <div class=\"foo_ic0\" id=\"foo_ic2\">\n                    <div class=\"foo_group_title\">\n                        <p class=\"foo_group_title\">Formaci\u00f3<\/p>\n                    <\/div>\n                    <div class=\"foo_groups\">\n                        <ul>\n                            <li class=\"foo_group\"><span class=\"foo_group_ico\"><\/span>  <a href=\"https:\/\/autoescolaroca.com\/ca\/cursos-cap\/\">Cursos CAP<\/a><\/li>\n                            <li class=\"foo_group\"><span class=\"foo_group_ico\"><\/span>  <a href=\"https:\/\/autoescolaroca.com\/ca\/cursos-adr\/\">Cursos ADR<\/a><\/li>\n                            <li class=\"foo_group\"><span class=\"foo_group_ico\"><\/span>  <a href=\"https:\/\/autoescolaroca.com\/ca\/carnets-conduir\/\">Carnets de Conduir<\/a><\/li>\n                            <li class=\"foo_group\"><span class=\"foo_group_ico\"><\/span>  <a href=\"https:\/\/autoescolaroca.com\/ca\/cursos-prl\/\">Cursos PRL<\/a><\/li>\n                            <li class=\"foo_group\"><span class=\"foo_group_ico\"><\/span>  <a href=\"https:\/\/autoescolaroca.com\/ca\/curs-titol-transportista\/\">T\u00edtol de Transportista<\/a><\/li>\n                            <li class=\"foo_group\"><span class=\"foo_group_ico\"><\/span>  <a href=\"https:\/\/autoescolaroca.com\/ca\/cursos-prl\/curs-carretoner\/\">Carretons Elevadors<\/a><\/li>\n                            <li class=\"foo_group\"><span class=\"foo_group_ico\"><\/span>  <a href=\"https:\/\/autoescolaroca.com\/ca\/curs-dea-desfibrillador\/\">DEA + SVB<\/a><\/li>\n                            <li class=\"foo_group\"><span class=\"foo_group_ico\"><\/span>  <a href=\"https:\/\/autoescolaroca.com\/ca\/dix-formacio\/\">DIX Formaci\u00f3<\/a><\/li>\n                        <\/ul>\n                    <\/div>\n                <\/div>\n                <div class=\"foo_ic0\" id=\"foo_ic3\">\n                    <div class=\"foo_group_title\">\n                        <p class=\"foo_group_title\">M\u00e9s informaci\u00f3<\/p>\n                    <\/div>\n                    <div class=\"foo_groups\">\n                        <ul>\n                            <li class=\"foo_group\"><span class=\"foo_group_ico\"><\/span>  <a href=\"https:\/\/autoescolaroca.com\/ca\/formulari-contacte\/\">Contacte<\/a><\/li>\n                            <li class=\"foo_group\"><span class=\"foo_group_ico\"><\/span>  <a href=\"https:\/\/autoescolaroca.com\/ca\/empreses\/\">Empreses<\/a><\/li>\n                            <li class=\"foo_group\"><span class=\"foo_group_ico\"><\/span>  <a href=\"https:\/\/autoescolaroca.com\/ca\/alumnes\/\">Alumnes<\/a><\/li>\n                            <li class=\"foo_group\"><span class=\"foo_group_ico\"><\/span>  <a href=\"https:\/\/autoescolaroca.com\/ca\/formulari-candidats\/\">Treballa amb nosaltres<\/a> <\/li>\n                            <li class=\"foo_group\"><a href=\"https:\/\/autoescolaroca.com\/ca\/blog\/\"><span class=\"foo_group_ico\"><\/span>  Blog<\/a><\/li>\n                        <\/ul>\n                    <\/div>\n                    <div class=\"foo_groups foo_groups_logo\">\n                        <a href=\"https:\/\/autoescolaroca.com\/ca\/\"><span class=\"foo_group_logo_ico\"><\/span><\/a>\n                    <\/div>\n                <\/div>\n            <\/div>\n        <\/div>\n        <div id=\"foo_cont_2\">\n\n            <div class=\"foo_inn_cont\" style=\"padding-bottom:0\">\n                <div style=\"font-size:1rem;\">\u00a9 Autoescola ROCA, SL<\/div><div class=\"foo_legals\"><span><a href=\"https:\/\/autoescolaroca.com\/ca\/avisos-legals\/\" rel=\"nofollow\">Av\u00eds Legal i Pol\u00edtica de Privadesa<\/a><\/span> | <span><a href=\"https:\/\/autoescolaroca.com\/ca\/politica-de-cookies\/\" rel=\"nofollow\">Pol\u00edtica de Cookies<\/a><\/span><\/div>\n            <\/div>\n\n<div class=\"foo_inn_cont\" style=\"padding-top:0;justify-content: right; margin-top: -7px;\">\n                <div class=\"foo_legals\"><span><a href=\"https:\/\/autoescolaroca.com\/ca\/protocol-prevencio-assetjament-sexual-i-lgtbi\/\" rel=\"nofollow\">Protocol prev. assetjament sexual i LGTBI<\/a><\/span> | <span><a href=\"https:\/\/app.clockio.net\/c\/aeroca\/whistle\/public\/form?hash=2b2843095075850af8eb5a3367b13a3c\" rel=\"nofollow noopener\" target=\"_blank\">Canal den\u00fancies<\/a><\/span><\/div>\n            <\/div>\n\n        <\/div>\n    <\/div>\n<\/footer>","protected":false},"excerpt":{"rendered":"<p>Noves senyals de tr\u00e0nsit 2025 La nova reforma del Reglament General de Circulaci\u00f3 de 2025 actualitza el cat\u00e0leg dels senyals de tr\u00e0nsit a Espanya. A continuaci\u00f3, us fem un breu resum dels principals canvis. M\u00e9s informaci\u00f3 sobre els nostres permisos de conduir i cursos professionals. Despr\u00e9s de m\u00e9s de vint anys des de l&#8217;aprovaci\u00f3 de [&hellip;]<\/p>\n","protected":false},"author":1,"featured_media":7016,"comment_status":"closed","ping_status":"open","sticky":false,"template":"","format":"standard","meta":{"footnotes":""},"categories":[12],"tags":[],"class_list":["post-7035","post","type-post","status-publish","format-standard","hentry","category-blog"],"_links":{"self":[{"href":"https:\/\/autoescolaroca.com\/ca\/wp-json\/wp\/v2\/posts\/7035","targetHints":{"allow":["GET"]}}],"collection":[{"href":"https:\/\/autoescolaroca.com\/ca\/wp-json\/wp\/v2\/posts"}],"about":[{"href":"https:\/\/autoescolaroca.com\/ca\/wp-json\/wp\/v2\/types\/post"}],"author":[{"embeddable":true,"href":"https:\/\/autoescolaroca.com\/ca\/wp-json\/wp\/v2\/users\/1"}],"replies":[{"embeddable":true,"href":"https:\/\/autoescolaroca.com\/ca\/wp-json\/wp\/v2\/comments?post=7035"}],"version-history":[{"count":0,"href":"https:\/\/autoescolaroca.com\/ca\/wp-json\/wp\/v2\/posts\/7035\/revisions"}],"wp:featuredmedia":[{"embeddable":true,"href":"https:\/\/autoescolaroca.com\/ca\/wp-json\/wp\/v2\/media\/7016"}],"wp:attachment":[{"href":"https:\/\/autoescolaroca.com\/ca\/wp-json\/wp\/v2\/media?parent=7035"}],"wp:term":[{"taxonomy":"category","embeddable":true,"href":"https:\/\/autoescolaroca.com\/ca\/wp-json\/wp\/v2\/categories?post=7035"},{"taxonomy":"post_tag","embeddable":true,"href":"https:\/\/autoescolaroca.com\/ca\/wp-json\/wp\/v2\/tags?post=7035"}],"curies":[{"name":"wp","href":"https:\/\/api.w.org\/{rel}","templated":true}]}}